{"id":609,"date":"2024-03-14T22:22:36","date_gmt":"2024-03-14T22:22:36","guid":{"rendered":"http:\/\/ateava.es\/wp\/?p=609"},"modified":"2024-03-14T22:24:20","modified_gmt":"2024-03-14T22:24:20","slug":"el-defensor-del-pueblo-recibe-a-ateava","status":"publish","type":"post","link":"http:\/\/ateava.es\/wp\/?p=609","title":{"rendered":"El Defensor del Pueblo recibe a ATEAVA"},"content":{"rendered":"\n<figure class=\"wp-block-image size-large\"><img loading=\"lazy\" decoding=\"async\" width=\"1024\" height=\"658\" src=\"http:\/\/ateava.es\/wp\/wp-content\/uploads\/2024\/03\/Defensor-1024x658.jpeg\" alt=\"\" class=\"wp-image-610\" srcset=\"http:\/\/ateava.es\/wp\/wp-content\/uploads\/2024\/03\/Defensor-1024x658.jpeg 1024w, http:\/\/ateava.es\/wp\/wp-content\/uploads\/2024\/03\/Defensor-300x193.jpeg 300w, http:\/\/ateava.es\/wp\/wp-content\/uploads\/2024\/03\/Defensor-768x493.jpeg 768w, http:\/\/ateava.es\/wp\/wp-content\/uploads\/2024\/03\/Defensor-1536x986.jpeg 1536w, http:\/\/ateava.es\/wp\/wp-content\/uploads\/2024\/03\/Defensor.jpeg 2048w\" sizes=\"auto, (max-width: 1024px) 100vw, 1024px\" \/><\/figure>\n\n\n\n<p><\/p>\n\n\n\n<p>El 14 de marzo ATEAVA se ha reunido en Madrid con el \u00c1rea de Sanidad y Pol\u00edtica Social del Defensor de Pueblo. Nos han acompa\u00f1ado Jos\u00e9 de UGT y Sara de USO.<\/p>\n\n\n\n<p>Por el principio de reciprocidad se nos declar\u00f3 colectivo esencial, como recoge la Estrategia de Vacunaci\u00f3n frente a COVID-19, y por el mismo principio deber\u00eda haber correspondido el Estado a estos trabajadores.<\/p>\n\n\n\n<p>Seguimos sumando pasos para que quede constancia en todas las Administraciones que estamos poniendo sobre la mesa nuestra situaci\u00f3n, y es a ellos a quienes corresponde no mirar hacia otro lado.<\/p>\n\n\n\n<p><\/p>\n","protected":false},"excerpt":{"rendered":"<p>El 14 de marzo ATEAVA se ha reunido en Madrid con el \u00c1rea de Sanidad y Pol\u00edtica Social del Defensor de Pueblo. Nos han acompa\u00f1ado Jos\u00e9 de UGT y Sara de USO. Por el principio de reciprocidad se nos declar\u00f3 colectivo esencial, como recoge la Estrategia de Vacunaci\u00f3n frente a COVID-19, y por el mismo [&hellip;]<\/p>\n","protected":false},"author":3,"featured_media":0,"comment_status":"open","ping_status":"open","sticky":false,"template":"","format":"standard","meta":{"footnotes":""},"categories":[1],"tags":[17,11,10,37,38],"class_list":{"0":"post-609","1":"post","2":"type-post","3":"status-publish","4":"format-standard","6":"category-ateava","7":"tag-astrazeneca","8":"tag-ateava","9":"tag-congreso-de-los-diputados","10":"tag-defensor-del-pueblo","11":"tag-madrid","12":"czr-hentry"},"_links":{"self":[{"href":"http:\/\/ateava.es\/wp\/index.php?rest_route=\/wp\/v2\/posts\/609","targetHints":{"allow":["GET"]}}],"collection":[{"href":"http:\/\/ateava.es\/wp\/index.php?rest_route=\/wp\/v2\/posts"}],"about":[{"href":"http:\/\/ateava.es\/wp\/index.php?rest_route=\/wp\/v2\/types\/post"}],"author":[{"embeddable":true,"href":"http:\/\/ateava.es\/wp\/index.php?rest_route=\/wp\/v2\/users\/3"}],"replies":[{"embeddable":true,"href":"http:\/\/ateava.es\/wp\/index.php?rest_route=%2Fwp%2Fv2%2Fcomments&post=609"}],"version-history":[{"count":1,"href":"http:\/\/ateava.es\/wp\/index.php?rest_route=\/wp\/v2\/posts\/609\/revisions"}],"predecessor-version":[{"id":611,"href":"http:\/\/ateava.es\/wp\/index.php?rest_route=\/wp\/v2\/posts\/609\/revisions\/611"}],"wp:attachment":[{"href":"http:\/\/ateava.es\/wp\/index.php?rest_route=%2Fwp%2Fv2%2Fmedia&parent=609"}],"wp:term":[{"taxonomy":"category","embeddable":true,"href":"http:\/\/ateava.es\/wp\/index.php?rest_route=%2Fwp%2Fv2%2Fcategories&post=609"},{"taxonomy":"post_tag","embeddable":true,"href":"http:\/\/ateava.es\/wp\/index.php?rest_route=%2Fwp%2Fv2%2Ftags&post=609"}],"curies":[{"name":"wp","href":"https:\/\/api.w.org\/{rel}","templated":true}]}}